{"id":86,"date":"2008-06-17T21:21:43","date_gmt":"2008-06-17T20:21:43","guid":{"rendered":"http:\/\/www.davidfichtmueller.de\/blog\/2008\/06\/firefox-3-jetzt-veroffentlicht\/"},"modified":"2008-06-18T06:29:34","modified_gmt":"2008-06-18T05:29:34","slug":"firefox-3-jetzt-veroffentlicht","status":"publish","type":"post","link":"https:\/\/www.davidfichtmueller.de\/blog\/2008\/06\/firefox-3-jetzt-veroffentlicht\/","title":{"rendered":"Firefox 3 jetzt ver\u00f6ffentlicht"},"content":{"rendered":"<p>Vor etwa 3 Stunden ist Firefox 3 ver\u00f6ffentlicht wurden und nachdem unmittelbar darauf die Server von sowohl <a href=\"http:\/\/www.mozilla.org\/firefox\" title=\"Firefox \u00fcber Mozilla.org\" target=\"_blank\">http:\/\/www.mozilla.org\/firefox<\/a> als auch <a href=\"http:\/\/www.spreadfirefox.com\/\" title=\"Spread Firefox!\" target=\"_blank\">http:\/\/www.spreadfirefox.com\/<\/a> in die Knie gegangen sind, wird man jetzt zumindest bei ersterer Adresse auf <a href=\"http:\/\/www.mozilla-europe.org\/de\/firefox\/\" title=\"Firefox \u00fcber mozilla-europe.org\" target=\"_blank\">http:\/\/www.mozilla-europe.org\/de\/firefox\/<\/a> weitergeleitet, wo man sich die neue Version nun herunterladen kann.<\/p>\n<p><a href=\"http:\/\/www.spreadfirefox.com\/de\/worldrecord\/\" title=\"Firefox 3 Download Day 2008\"><img decoding=\"async\" src=\"http:\/\/www.spreadfirefox.com\/sites\/all\/themes\/spreadfirefox_RCS\/images\/download-day\/buttons\/en-US\/dday_badge_fox.png\" class=\"alignleft\" style=\"float: left\" alt=\"Logo des Firefox Download Day\" \/><\/a><\/p>\n<p>Allen, die noch nicht Firefox 3 heruntergeladen haben, sie dies w\u00e4rmstens ans Herz gelegt. Besonders bis zum morgigen Mittwoch den 18.6.2008 um <strike>17:00<\/strike> 20:16 Uhr MESZ, dann endet n\u00e4mlich der <a href=\"http:\/\/www.spreadfirefox.com\/de\/worldrecord\/\" title=\"Firefox 3 Download Day\" target=\"_blank\">Firefox Download Day 2008 f\u00fcr den Weltrekordversuch<\/a> der meisten Downloads einer Software.<\/p>\n<p>Nachdem ich in meiner <a href=\"http:\/\/www.davidfichtmueller.de\/blog\/2008\/06\/ankundigung-firefox-3\/\" title=\"Artikel: Ank\u00fcndigung: Firefox 3\">Ank\u00fcndigung letzte Woche<\/a> ja bereits einige der neuen Features aufgez\u00e4hlt habe, hier nun einige Links, die noch etwas genauer auf die Neuerungen eingehen:<\/p>\n<ul>\n<li><a href=\"http:\/\/www.dria.org\/wordpress\/archives\/2008\/06\/12\/655\/\" title=\"Field Guilde to Firefox 3\" target=\"_blank\">Field Guide to Firefox 3 <\/a>eine sehr umfangreiche Auflistung und Erl\u00e4uterung der neuen Features. Was ich bis dato auch noch nicht wusste: Firefox unterst\u00fctzt jetzt verschiedene Farbprofile.<\/li>\n<li><a href=\"http:\/\/people.mozilla.com\/~beltzner\/overview-of-firefox3.swf\" title=\"Firefox 3 in Action\" target=\"_blank\">Firefox 3 in Action<\/a> ein Video des Entwicklers Mike Beltzner der einige der Neuerungen vorf\u00fchrt und erkl\u00e4rt<\/li>\n<li><a href=\"http:\/\/lifehacker.com\/396312\/power-users-guide-to-firefox-3\" title=\"Power Users' Guide to Firefox 3\" target=\"_blank\">Power User&#8217;s Guide to Firefox 3<\/a> einige Tipps f\u00fcr Power User wie man sich seinen Firefox noch mehr anpassen kann<\/li>\n<\/ul>\n<p>Was mich allerdings noch ein bisschen st\u00f6rt ist, dass von meinen 35 AddOn 13 noch nicht kompatible sind und daher deaktiviert wurden. Ich hoffe die Entwickler der AddOns werden das in den n\u00e4chsten Tagen schnell beheben, denn es sind einige dabei, die ich durchaus h\u00e4ufig nutze.<\/p>\n<p><strong>[Edit]<\/strong> 22:17 Uhr: spreadfirefox.com ist jetzt auch wieder online<\/p>\n<p><strong>[Edit]<\/strong> 18.6.08, 07:27 Uhr: Durch den versp\u00e4teten Start verschiebt sich auch der Zeitrahmen f\u00fcr den Weltrekord. Au\u00dferdem war die Zeit sowieso falsch.<\/p>\n","protected":false},"excerpt":{"rendered":"<p>Vor etwa 3 Stunden ist Firefox 3 ver\u00f6ffentlicht wurden und nachdem unmittelbar darauf die Server von sowohl http:\/\/www.mozilla.org\/firefox als auch http:\/\/www.spreadfirefox.com\/ in die Knie gegangen sind, wird man jetzt zumindest bei ersterer Adresse auf http:\/\/www.mozilla-europe.org\/de\/firefox\/ weitergeleitet, wo man sich die &hellip; <a href=\"https:\/\/www.davidfichtmueller.de\/blog\/2008\/06\/firefox-3-jetzt-veroffentlicht\/\">Weiterlesen <span class=\"meta-nav\">&rarr;<\/span><\/a><\/p>\n","protected":false},"author":2,"featured_media":0,"comment_status":"open","ping_status":"open","sticky":false,"template":"","format":"standard","meta":{"footnotes":""},"categories":[18,9,7,10],"tags":[],"_links":{"self":[{"href":"https:\/\/www.davidfichtmueller.de\/blog\/wp-json\/wp\/v2\/posts\/86"}],"collection":[{"href":"https:\/\/www.davidfichtmueller.de\/blog\/wp-json\/wp\/v2\/posts"}],"about":[{"href":"https:\/\/www.davidfichtmueller.de\/blog\/wp-json\/wp\/v2\/types\/post"}],"author":[{"embeddable":true,"href":"https:\/\/www.davidfichtmueller.de\/blog\/wp-json\/wp\/v2\/users\/2"}],"replies":[{"embeddable":true,"href":"https:\/\/www.davidfichtmueller.de\/blog\/wp-json\/wp\/v2\/comments?post=86"}],"version-history":[{"count":0,"href":"https:\/\/www.davidfichtmueller.de\/blog\/wp-json\/wp\/v2\/posts\/86\/revisions"}],"wp:attachment":[{"href":"https:\/\/www.davidfichtmueller.de\/blog\/wp-json\/wp\/v2\/media?parent=86"}],"wp:term":[{"taxonomy":"category","embeddable":true,"href":"https:\/\/www.davidfichtmueller.de\/blog\/wp-json\/wp\/v2\/categories?post=86"},{"taxonomy":"post_tag","embeddable":true,"href":"https:\/\/www.davidfichtmueller.de\/blog\/wp-json\/wp\/v2\/tags?post=86"}],"curies":[{"name":"wp","href":"https:\/\/api.w.org\/{rel}","templated":true}]}}