{"id":72,"date":"2008-03-05T18:53:48","date_gmt":"2008-03-05T17:53:48","guid":{"rendered":"http:\/\/www.davidfichtmueller.de\/blog\/2008\/03\/typisk-sverige-7-vasaloppet\/"},"modified":"2008-03-05T18:53:48","modified_gmt":"2008-03-05T17:53:48","slug":"typisk-sverige-7-vasaloppet","status":"publish","type":"post","link":"https:\/\/www.davidfichtmueller.de\/blog\/2008\/03\/typisk-sverige-7-vasaloppet\/","title":{"rendered":"Typisk Sverige (7): Vasaloppet"},"content":{"rendered":"<p>Der Wasa-Lauf (Vasaloppet) ist eine j\u00e4hrliche Ski-Langlaufveranstaltung und eines der gr\u00f6\u00dften Sportevents Schwedens. Der gro\u00dfe Auftaktslauf ist immer am ersten M\u00e4rzwochenende und ist 90 km lang. Er verl\u00e4uft in der Region Dalarna zwischen den St\u00e4dten Mora und S\u00e4len. In der darauffolgenden Woche finden noch weitere Variationen des Laufes statt, z.B. einen f\u00fcr die halbe Strecke oder einen f\u00fcr Kinder.<\/p>\n<p>Der Wasalauf geht zur\u00fcck auf das Jahr 1521, als Schweden in einer Union mit D\u00e4nemark stand und von dem d\u00e4nischen K\u00f6nig Kristian II. beherrscht wurde.\u00a0 Ein gewisser Gustav Eriksson Vasa rief damals zum Widerstand gegen den K\u00f6nig auf. Er wurde festgenommen, konnte jedoch fliehen. Auf seiner Flucht kam er durch Mora, wo er versuchte die Bewohner gegen den K\u00f6nig aufzuwiegeln. Da diese jedoch skeptisch waren und dem K\u00f6nig treu bleiben wollten, musste Gustav Vasa erneut fliehen, um nicht von den Bewohnern des Dorfes ausgeliefert zu werden. Er lief auf Skier davon und fl\u00fcchtete Richtung Norwegen. Nach einer Weile \u00fcberlegten es sich die Bewohner jedoch und sich ihm anschlie\u00dfen. Also folgten sie ihm. Es dauerte jedoch bis S\u00e4len, bis sie ihn eingeholt hatten. Gustav Eriksson Vasa sollte \u00fcbrigens sp\u00e4ter K\u00f6nig Gustav Vasa I. von Schweden werden.<\/p>\n<p>Als der moderne Lauf im Jahre 1922 zum ersten Mal ausgetragen wurde, gingen 119 L\u00e4ufer an den Start.\u00a0 In diesem Jahr haben sich rund 14.000 L\u00e4ufer registriert.<\/p>\n<p>Quellen:<\/p>\n<ul>\n<li><a href=\"http:\/\/www.vasaloppet.se\" title=\"Homepage des Wasalauf (Englisch\/Schwedisch)\" target=\"_blank\">vasaloppt.se<\/a><\/li>\n<li>Schwedischbuch &#8222;V\u00e4lkomna!&#8220; aus dem Klett-Verlag<\/li>\n<li>Wikipedia: <a href=\"http:\/\/de.wikipedia.org\/wiki\/Wasalauf\" title=\"Wikipedia: Wasalauf\" target=\"_blank\">Wasalauf<\/a><\/li>\n<\/ul>\n","protected":false},"excerpt":{"rendered":"<p>Der Wasa-Lauf (Vasaloppet) ist eine j\u00e4hrliche Ski-Langlaufveranstaltung und eines der gr\u00f6\u00dften Sportevents Schwedens. Der gro\u00dfe Auftaktslauf ist immer am ersten M\u00e4rzwochenende und ist 90 km lang. Er verl\u00e4uft in der Region Dalarna zwischen den St\u00e4dten Mora und S\u00e4len. In der &hellip; <a href=\"https:\/\/www.davidfichtmueller.de\/blog\/2008\/03\/typisk-sverige-7-vasaloppet\/\">Weiterlesen <span class=\"meta-nav\">&rarr;<\/span><\/a><\/p>\n","protected":false},"author":2,"featured_media":0,"comment_status":"open","ping_status":"open","sticky":false,"template":"","format":"standard","meta":{"footnotes":""},"categories":[4],"tags":[],"_links":{"self":[{"href":"https:\/\/www.davidfichtmueller.de\/blog\/wp-json\/wp\/v2\/posts\/72"}],"collection":[{"href":"https:\/\/www.davidfichtmueller.de\/blog\/wp-json\/wp\/v2\/posts"}],"about":[{"href":"https:\/\/www.davidfichtmueller.de\/blog\/wp-json\/wp\/v2\/types\/post"}],"author":[{"embeddable":true,"href":"https:\/\/www.davidfichtmueller.de\/blog\/wp-json\/wp\/v2\/users\/2"}],"replies":[{"embeddable":true,"href":"https:\/\/www.davidfichtmueller.de\/blog\/wp-json\/wp\/v2\/comments?post=72"}],"version-history":[{"count":0,"href":"https:\/\/www.davidfichtmueller.de\/blog\/wp-json\/wp\/v2\/posts\/72\/revisions"}],"wp:attachment":[{"href":"https:\/\/www.davidfichtmueller.de\/blog\/wp-json\/wp\/v2\/media?parent=72"}],"wp:term":[{"taxonomy":"category","embeddable":true,"href":"https:\/\/www.davidfichtmueller.de\/blog\/wp-json\/wp\/v2\/categories?post=72"},{"taxonomy":"post_tag","embeddable":true,"href":"https:\/\/www.davidfichtmueller.de\/blog\/wp-json\/wp\/v2\/tags?post=72"}],"curies":[{"name":"wp","href":"https:\/\/api.w.org\/{rel}","templated":true}]}}