{"id":7,"date":"2007-10-18T22:42:26","date_gmt":"2007-10-18T20:42:26","guid":{"rendered":"http:\/\/www.davidfichtmueller.de\/blog\/2007\/10\/endlich-die-versprochenen-fotos\/"},"modified":"2007-11-24T18:27:03","modified_gmt":"2007-11-24T16:27:03","slug":"endlich-die-versprochenen-fotos","status":"publish","type":"post","link":"https:\/\/www.davidfichtmueller.de\/blog\/2007\/10\/endlich-die-versprochenen-fotos\/","title":{"rendered":"endlich die versprochenen Fotos"},"content":{"rendered":"<p>Hier kommen nun die lange angek\u00fcndigten Fotos der letzten Tage:<\/p>\n<p>als erstes h\u00e4tten wir da einmal die Fotos aus meiner Jugendherberge. Es ist eigentlich ganz gem\u00fctlich und sauber hier, auch wenn man sich nach einigen Tagen doch ein bisschen mehr Privatsph\u00e4re w\u00fcnscht.<br \/>\n<a href=\"http:\/\/www.davidfichtmueller.de\/fotos\/stockholm\/hostel.jpg\"><img loading=\"lazy\" decoding=\"async\" src=\"http:\/\/www.davidfichtmueller.de\/fotos\/stockholm\/thumbs\/hostel.jpg\" title=\"Eingang von meiner Jugendherberge\" alt=\"Eingang von meiner Jugendherberge\" height=\"120\" width=\"90\" \/><\/a> <a href=\"http:\/\/www.davidfichtmueller.de\/fotos\/stockholm\/hostel-room.jpg\"><img loading=\"lazy\" decoding=\"async\" src=\"http:\/\/www.davidfichtmueller.de\/fotos\/stockholm\/thumbs\/hostel-room.jpg\" title=\"mein Bett in der Jugendherberge\" alt=\"mein Bett in der Jugendherberge\" height=\"90\" width=\"120\" \/><\/a><\/p>\n<p>Gleich an meinem ersten Nachmittag habe ich einen Spaziergang durch die Altstadt gemacht. Einige der Fotos sind jedoch auch sp\u00e4ter hinzu gekommen:<br \/>\n<a href=\"http:\/\/www.davidfichtmueller.de\/fotos\/stockholm\/stadhuset1.jpg\"><img loading=\"lazy\" decoding=\"async\" src=\"http:\/\/www.davidfichtmueller.de\/fotos\/stockholm\/thumbs\/stadhuset1.jpg\" title=\"das Stadthaus\" alt=\"das Stadthaus\" height=\"90\" width=\"120\" \/><\/a> <a href=\"http:\/\/www.davidfichtmueller.de\/fotos\/stockholm\/stadhuset2.jpg\"><img loading=\"lazy\" decoding=\"async\" src=\"http:\/\/www.davidfichtmueller.de\/fotos\/stockholm\/thumbs\/stadhuset2.jpg\" title=\"das Stadthaus\" alt=\"das Stadthaus\" height=\"90\" width=\"120\" \/><\/a> <a href=\"http:\/\/www.davidfichtmueller.de\/fotos\/stockholm\/stadhuset.jpg\"><img loading=\"lazy\" decoding=\"async\" src=\"http:\/\/www.davidfichtmueller.de\/fotos\/stockholm\/thumbs\/stadhuset.jpg\" title=\"das Stadthaus\" alt=\"das Stadthaus\" height=\"120\" width=\"90\" \/><\/a> <a href=\"http:\/\/www.davidfichtmueller.de\/fotos\/stockholm\/stockholm2.jpg\"><img loading=\"lazy\" decoding=\"async\" src=\"http:\/\/www.davidfichtmueller.de\/fotos\/stockholm\/thumbs\/stockholm2.jpg\" title=\"Blick auf Stockholm\" alt=\"Blick auf Stockholm\" height=\"90\" width=\"120\" \/><\/a> <a href=\"http:\/\/www.davidfichtmueller.de\/fotos\/stockholm\/stockholm1.jpg\"><img loading=\"lazy\" decoding=\"async\" src=\"http:\/\/www.davidfichtmueller.de\/fotos\/stockholm\/thumbs\/stockholm1.jpg\" title=\"Blick auf Stockholm\" alt=\"Blick auf Stockholm\" height=\"90\" width=\"120\" \/><\/a> <a href=\"http:\/\/www.davidfichtmueller.de\/fotos\/stockholm\/stockholm3.jpg\"><img loading=\"lazy\" decoding=\"async\" src=\"http:\/\/www.davidfichtmueller.de\/fotos\/stockholm\/thumbs\/stockholm3.jpg\" title=\"Blick auf Stockholm\" alt=\"Blick auf Stockholm\" height=\"90\" width=\"120\" \/><\/a><\/p>\n<p><a href=\"http:\/\/www.davidfichtmueller.de\/fotos\/stockholm\/gamla_stan.jpg\"><img loading=\"lazy\" decoding=\"async\" src=\"http:\/\/www.davidfichtmueller.de\/fotos\/stockholm\/thumbs\/gamla_stan.jpg\" title=\"Blick auf die Altstadt\" alt=\"Blick auf die Altstadt\" height=\"90\" width=\"120\" \/><\/a><br \/>\nein sehr sch\u00f6ner Blick auf die Altstadt (Gamla Stan) von Stockholm<\/p>\n<p><a href=\"http:\/\/www.davidfichtmueller.de\/fotos\/stockholm\/riksdag.jpg\"><img loading=\"lazy\" decoding=\"async\" src=\"http:\/\/www.davidfichtmueller.de\/fotos\/stockholm\/thumbs\/riksdag.jpg\" title=\"Der schwedische Reichstag (Riksdag)\" alt=\"Der schwedische Reichstag (Riksdag)\" height=\"90\" width=\"120\" \/><\/a> <a href=\"http:\/\/www.davidfichtmueller.de\/fotos\/stockholm\/stockholm.jpg\"><img loading=\"lazy\" decoding=\"async\" src=\"http:\/\/www.davidfichtmueller.de\/fotos\/stockholm\/thumbs\/stockholm.jpg\" title=\"Blick auf Stockholm\" alt=\"Blick auf Stockholm\" height=\"90\" width=\"120\" \/><\/a><br \/>\nder schwedische Reichstag<\/p>\n<p><a href=\"http:\/\/www.davidfichtmueller.de\/fotos\/stockholm\/slott1.jpg\"><img loading=\"lazy\" decoding=\"async\" src=\"http:\/\/www.davidfichtmueller.de\/fotos\/stockholm\/thumbs\/slott1.jpg\" title=\"vor dem k\u00f6niglichen Schlo\u00df\" alt=\"vor dem k\u00f6niglichen Schlo\u00df\" height=\"90\" width=\"120\" \/><\/a> <a href=\"http:\/\/www.davidfichtmueller.de\/fotos\/stockholm\/slott2.jpg\"><img loading=\"lazy\" decoding=\"async\" src=\"http:\/\/www.davidfichtmueller.de\/fotos\/stockholm\/thumbs\/slott2.jpg\" title=\"vor dem k\u00f6niglichen Schlo\u00df\" alt=\"vor dem k\u00f6niglichen Schlo\u00df\" height=\"90\" width=\"120\" \/><\/a><br \/>\nals ich am ersten Tag am k\u00f6niglichen Schloss vorbei lief fiel mir auf, dass da besonders viele Wachen und Polizei standen, die anscheinend auf etwas warteten. Also wartete ich auch und fing an zu hoffen vielleicht bereits am ersten Tag den K\u00f6nig oder die K\u00f6nigin zu sehen. Am Ende war es jedoch (nur) die Eskorte f\u00fcr diplomatischen Besuch (ich glaube aus dem Libanon, aber ganz sicher bin ich mir da nicht, da das Auto so schnell an mir vorbei fuhr und ich die Fahne nicht richtig erkennen konnte)<\/p>\n<p><a href=\"http:\/\/www.davidfichtmueller.de\/fotos\/stockholm\/stockholm4.jpg\"><img loading=\"lazy\" decoding=\"async\" src=\"http:\/\/www.davidfichtmueller.de\/fotos\/stockholm\/thumbs\/stockholm4.jpg\" title=\"eine Kirche in der Altstadt\" alt=\"eine Kirche in der Altstadt\" height=\"120\" width=\"90\" \/><\/a><\/p>\n<p><a href=\"http:\/\/www.davidfichtmueller.de\/fotos\/stockholm\/t-bana1.jpg\"><img loading=\"lazy\" decoding=\"async\" src=\"http:\/\/www.davidfichtmueller.de\/fotos\/stockholm\/thumbs\/t-bana1.jpg\" title=\"Eine Rolltreppe zum Ausgang der U-Bahn\" alt=\"Eine Rolltreppe zum Ausgang der U-Bahn\" height=\"120\" width=\"90\" \/><\/a> <a href=\"http:\/\/www.davidfichtmueller.de\/fotos\/stockholm\/t-bana2.jpg\"><img loading=\"lazy\" decoding=\"async\" src=\"http:\/\/www.davidfichtmueller.de\/fotos\/stockholm\/thumbs\/t-bana2.jpg\" title=\"Eine Laufband zur U-Bahn\" alt=\"Eine Laufband zur U-Bahn\" height=\"90\" width=\"120\" \/><\/a><br \/>\nStockholm hat ein gutes Netz an \u00f6ffentlichen Verkehrsmitteln. Gerade im Innenstadtbereich ist da einfachste Verkehrsmittel meist die U-Bahn, die hier Tunnelbana hei\u00dft, aber eigentlich nur T-Bana genannt wird. Das Streckennetz ist deutlich kleiner als das in Berlin (zum Vergleich, hier ist der <a href=\"http:\/\/www.bvg.de\/index.php\/de\/Common\/Document\/field\/file\/id\/68\" title=\"S-und U-Bahnplan Berlin\" target=\"_blank\">Netzplan von Berlin<\/a> und hier der <a href=\"http:\/\/sv.wikipedia.org\/wiki\/Bild:Stockholm_metro_map.png\" title=\"T-Bana Plan Stockholm\" target=\"_blank\">T-Bana-Plan<\/a> von Stockholm), aber daf\u00fcr ist Stockholm selbst ja auch kleiner (knapp 800.000 Einwohner). Was hier jedoch auff\u00e4llt ist, dass die T-Bana deutlich tiefer unter der Stadt gebaut ist als in Berlin. \u00dcberall gibt es lange Rolltreppen, wie man auf dem Bild auch erkennen kann. Die l\u00e4ngste Rolltreppe einer T-Bana-Station ist 66 Meter lang und \u00fcberwindet einen H\u00f6henunterschied von 33 Metern. Au\u00dferdem sind fast alle Stationen sehr sch\u00f6n gestaltet. Jede Station hat ihren eigenen Stiel.<\/p>\n<p>So viel erst einmal von Bildern von mir. In den n\u00e4chsten Tage werde ich dann von meiner Arbeit berichten.<\/p>\n","protected":false},"excerpt":{"rendered":"<p>Hier kommen nun die lange angek\u00fcndigten Fotos der letzten Tage: als erstes h\u00e4tten wir da einmal die Fotos aus meiner Jugendherberge. Es ist eigentlich ganz gem\u00fctlich und sauber hier, auch wenn man sich nach einigen Tagen doch ein bisschen mehr &hellip; <a href=\"https:\/\/www.davidfichtmueller.de\/blog\/2007\/10\/endlich-die-versprochenen-fotos\/\">Weiterlesen <span class=\"meta-nav\">&rarr;<\/span><\/a><\/p>\n","protected":false},"author":2,"featured_media":0,"comment_status":"open","ping_status":"open","sticky":false,"template":"","format":"standard","meta":{"footnotes":""},"categories":[13,4],"tags":[],"_links":{"self":[{"href":"https:\/\/www.davidfichtmueller.de\/blog\/wp-json\/wp\/v2\/posts\/7"}],"collection":[{"href":"https:\/\/www.davidfichtmueller.de\/blog\/wp-json\/wp\/v2\/posts"}],"about":[{"href":"https:\/\/www.davidfichtmueller.de\/blog\/wp-json\/wp\/v2\/types\/post"}],"author":[{"embeddable":true,"href":"https:\/\/www.davidfichtmueller.de\/blog\/wp-json\/wp\/v2\/users\/2"}],"replies":[{"embeddable":true,"href":"https:\/\/www.davidfichtmueller.de\/blog\/wp-json\/wp\/v2\/comments?post=7"}],"version-history":[{"count":0,"href":"https:\/\/www.davidfichtmueller.de\/blog\/wp-json\/wp\/v2\/posts\/7\/revisions"}],"wp:attachment":[{"href":"https:\/\/www.davidfichtmueller.de\/blog\/wp-json\/wp\/v2\/media?parent=7"}],"wp:term":[{"taxonomy":"category","embeddable":true,"href":"https:\/\/www.davidfichtmueller.de\/blog\/wp-json\/wp\/v2\/categories?post=7"},{"taxonomy":"post_tag","embeddable":true,"href":"https:\/\/www.davidfichtmueller.de\/blog\/wp-json\/wp\/v2\/tags?post=7"}],"curies":[{"name":"wp","href":"https:\/\/api.w.org\/{rel}","templated":true}]}}