{"id":59,"date":"2008-02-10T16:54:00","date_gmt":"2008-02-10T15:54:00","guid":{"rendered":"http:\/\/www.davidfichtmueller.de\/blog\/2008\/02\/umzug\/"},"modified":"2008-02-10T16:54:00","modified_gmt":"2008-02-10T15:54:00","slug":"umzug","status":"publish","type":"post","link":"https:\/\/www.davidfichtmueller.de\/blog\/2008\/02\/umzug\/","title":{"rendered":"Umzug"},"content":{"rendered":"<p>Letzte Woche sind wir mit unserer Firma in ein neues B\u00fcro umgezogen. Unser Vermieter hat das B\u00fcro gewechselt und bei der Gelegenheit sind alle Firmen auch mit umgezogen. Der Umzug war eigentlich schon seit Wochen angesetzt, aber immer wieder verschoben wurden. Am Montag war es dann endlich so weit. Bereits am Morgen waren einige der M\u00f6bel weggebracht, u.a. mein Stuhl. Daher ging es am Vormittag erst einmal darum die restlichen Sachen einzupacken und zu waren, dass die Sachen abgeholt wurden.<\/p>\n<p><a href=\"http:\/\/www.davidfichtmueller.de\/fotos\/stockholm\/work\/slides\/umzug_altes_buero1.jpg\"><img decoding=\"async\" src=\"http:\/\/www.davidfichtmueller.de\/fotos\/stockholm\/work\/thumbs\/umzug_altes_buero1.jpg\" alt=\"umzug_altes_buero1\" style=\"border-width: 0px\" \/><\/a>  <a href=\"http:\/\/www.davidfichtmueller.de\/fotos\/stockholm\/work\/slides\/umzug_altes_buero2.jpg\"><img decoding=\"async\" src=\"http:\/\/www.davidfichtmueller.de\/fotos\/stockholm\/work\/thumbs\/umzug_altes_buero2.jpg\" alt=\"umzug_altes_buero2\" style=\"border-width: 0px\" \/><\/a>  <a href=\"http:\/\/www.davidfichtmueller.de\/fotos\/stockholm\/work\/slides\/umzug_altes_buero3.jpg\"><img decoding=\"async\" src=\"http:\/\/www.davidfichtmueller.de\/fotos\/stockholm\/work\/thumbs\/umzug_altes_buero3.jpg\" alt=\"umzug_altes_buero3\" style=\"border-width: 0px\" \/><\/a><\/p>\n<p>Nach dem Mittag waren dann alle M\u00f6bel im neuen B\u00fcro. Nach einigen \u00dcberlegungen, wie wir die Tische anordnen, kamen wir auch auf eine sehr angenehmen Variante, die sich in den nachfolgenden Tagen bew\u00e4hren sollte.<\/p>\n<p><a href=\"http:\/\/www.davidfichtmueller.de\/fotos\/stockholm\/work\/slides\/umzug_neues_buero1.jpg\"><img decoding=\"async\" src=\"http:\/\/www.davidfichtmueller.de\/fotos\/stockholm\/work\/thumbs\/umzug_neues_buero1.jpg\" alt=\"umzug_neues_buero1\" style=\"border-width: 0px\" \/><\/a>  <a href=\"http:\/\/www.davidfichtmueller.de\/fotos\/stockholm\/work\/slides\/umzug_neues_buero2.jpg\"><img decoding=\"async\" src=\"http:\/\/www.davidfichtmueller.de\/fotos\/stockholm\/work\/thumbs\/umzug_neues_buero2.jpg\" alt=\"umzug_neues_buero2\" style=\"border-width: 0px\" \/><\/a>  <a href=\"http:\/\/www.davidfichtmueller.de\/fotos\/stockholm\/work\/slides\/umzug_neues_buero3.jpg\"><img decoding=\"async\" src=\"http:\/\/www.davidfichtmueller.de\/fotos\/stockholm\/work\/thumbs\/umzug_neues_buero3.jpg\" alt=\"umzug_neues_buero3\" style=\"border-width: 0px\" \/><\/a><\/p>\n","protected":false},"excerpt":{"rendered":"<p>Letzte Woche sind wir mit unserer Firma in ein neues B\u00fcro umgezogen. Unser Vermieter hat das B\u00fcro gewechselt und bei der Gelegenheit sind alle Firmen auch mit umgezogen. Der Umzug war eigentlich schon seit Wochen angesetzt, aber immer wieder verschoben &hellip; <a href=\"https:\/\/www.davidfichtmueller.de\/blog\/2008\/02\/umzug\/\">Weiterlesen <span class=\"meta-nav\">&rarr;<\/span><\/a><\/p>\n","protected":false},"author":2,"featured_media":0,"comment_status":"open","ping_status":"open","sticky":false,"template":"","format":"standard","meta":{"footnotes":""},"categories":[13,5],"tags":[],"_links":{"self":[{"href":"https:\/\/www.davidfichtmueller.de\/blog\/wp-json\/wp\/v2\/posts\/59"}],"collection":[{"href":"https:\/\/www.davidfichtmueller.de\/blog\/wp-json\/wp\/v2\/posts"}],"about":[{"href":"https:\/\/www.davidfichtmueller.de\/blog\/wp-json\/wp\/v2\/types\/post"}],"author":[{"embeddable":true,"href":"https:\/\/www.davidfichtmueller.de\/blog\/wp-json\/wp\/v2\/users\/2"}],"replies":[{"embeddable":true,"href":"https:\/\/www.davidfichtmueller.de\/blog\/wp-json\/wp\/v2\/comments?post=59"}],"version-history":[{"count":0,"href":"https:\/\/www.davidfichtmueller.de\/blog\/wp-json\/wp\/v2\/posts\/59\/revisions"}],"wp:attachment":[{"href":"https:\/\/www.davidfichtmueller.de\/blog\/wp-json\/wp\/v2\/media?parent=59"}],"wp:term":[{"taxonomy":"category","embeddable":true,"href":"https:\/\/www.davidfichtmueller.de\/blog\/wp-json\/wp\/v2\/categories?post=59"},{"taxonomy":"post_tag","embeddable":true,"href":"https:\/\/www.davidfichtmueller.de\/blog\/wp-json\/wp\/v2\/tags?post=59"}],"curies":[{"name":"wp","href":"https:\/\/api.w.org\/{rel}","templated":true}]}}