{"id":109,"date":"2009-02-26T16:18:25","date_gmt":"2009-02-26T15:18:25","guid":{"rendered":"http:\/\/www.davidfichtmueller.de\/blog\/2009\/02\/status-der-macht\/"},"modified":"2009-02-26T16:19:27","modified_gmt":"2009-02-26T15:19:27","slug":"status-der-macht","status":"publish","type":"post","link":"https:\/\/www.davidfichtmueller.de\/blog\/2009\/02\/status-der-macht\/","title":{"rendered":"Status der Macht"},"content":{"rendered":"<p>Ich war vor zwei Wochen mal wieder kurz in Stockholm. Ich will in den Semesterferien wieder ein bisschen f\u00fcr Jalbum arbeiten und der Kurzbesuch war lediglich zur Koordinierung der Aufgaben. Arbeiten werde ich von hier aus.<\/p>\n<p>Jedenfalls ist mir bei dem einen Meeting etwas aufgefallen, und zwar die St\u00fchle auf denen wir sa\u00dfen:<\/p>\n<p><a href=\"http:\/\/www.davidfichtmueller.de\/fotos\/stockholm\/work\/slides\/stuehle.jpg\"><img decoding=\"async\" src=\"http:\/\/www.davidfichtmueller.de\/fotos\/stockholm\/work\/slide\/stuehle-klein.jpg\" alt=\"St\u00fchle im B\u00fcro von Jalbum\" style=\"border-width: 0px\" \/><\/a><\/p>\n<p>Die spannende Aufgabe besteht jetzt darin, <strong>diese St\u00fchle den Personen zuzuordnen, die auf ihnen gesessen haben<\/strong>: David E. (der Gr\u00fcnder und Chef von Jalbum), Carl (zust\u00e4ndig f\u00fcr Werbung und Gesch\u00e4ftskontakte) und David F. (ich).<\/p>\n<p>Kurz \u00fcberlegen und wenn ihr die Antwort habt, mit der Maus \u00fcber den schwarzen Balken gehen.<\/p>\n<p style=\"width: 450px; background-color: #000000; color: #000000\" onmouseover=\"this.style.backgroundColor='#fff';\" onmouseout=\"this.style.backgroundColor='#000';\">Links: ich, Mitte: David E. (der Chef), Rechts: Carl (der Marketing-Mensch)<\/p>\n<p>Na also, so schwer war das jetzt doch nicht.<\/p>\n","protected":false},"excerpt":{"rendered":"<p>Ich war vor zwei Wochen mal wieder kurz in Stockholm. Ich will in den Semesterferien wieder ein bisschen f\u00fcr Jalbum arbeiten und der Kurzbesuch war lediglich zur Koordinierung der Aufgaben. Arbeiten werde ich von hier aus. Jedenfalls ist mir bei &hellip; <a href=\"https:\/\/www.davidfichtmueller.de\/blog\/2009\/02\/status-der-macht\/\">Weiterlesen <span class=\"meta-nav\">&rarr;<\/span><\/a><\/p>\n","protected":false},"author":2,"featured_media":0,"comment_status":"open","ping_status":"open","sticky":false,"template":"","format":"standard","meta":{"footnotes":""},"categories":[13,14,5,8,6,4],"tags":[],"_links":{"self":[{"href":"https:\/\/www.davidfichtmueller.de\/blog\/wp-json\/wp\/v2\/posts\/109"}],"collection":[{"href":"https:\/\/www.davidfichtmueller.de\/blog\/wp-json\/wp\/v2\/posts"}],"about":[{"href":"https:\/\/www.davidfichtmueller.de\/blog\/wp-json\/wp\/v2\/types\/post"}],"author":[{"embeddable":true,"href":"https:\/\/www.davidfichtmueller.de\/blog\/wp-json\/wp\/v2\/users\/2"}],"replies":[{"embeddable":true,"href":"https:\/\/www.davidfichtmueller.de\/blog\/wp-json\/wp\/v2\/comments?post=109"}],"version-history":[{"count":0,"href":"https:\/\/www.davidfichtmueller.de\/blog\/wp-json\/wp\/v2\/posts\/109\/revisions"}],"wp:attachment":[{"href":"https:\/\/www.davidfichtmueller.de\/blog\/wp-json\/wp\/v2\/media?parent=109"}],"wp:term":[{"taxonomy":"category","embeddable":true,"href":"https:\/\/www.davidfichtmueller.de\/blog\/wp-json\/wp\/v2\/categories?post=109"},{"taxonomy":"post_tag","embeddable":true,"href":"https:\/\/www.davidfichtmueller.de\/blog\/wp-json\/wp\/v2\/tags?post=109"}],"curies":[{"name":"wp","href":"https:\/\/api.w.org\/{rel}","templated":true}]}}